{"id":7613,"date":"2023-11-15T16:05:10","date_gmt":"2023-11-15T15:05:10","guid":{"rendered":"https:\/\/sfe-trade.com\/pl\/?post_type=news&#038;p=7613"},"modified":"2023-11-15T16:20:26","modified_gmt":"2023-11-15T15:20:26","slug":"stars-for-europie-podpowiada-jak-poprawic-sprzedaz-i-przyciagnac-milosnikow-poinsecji-do-sklepow","status":"publish","type":"news","link":"https:\/\/sfe-trade.com\/pl\/news\/stars-for-europie-podpowiada-jak-poprawic-sprzedaz-i-przyciagnac-milosnikow-poinsecji-do-sklepow\/","title":{"rendered":"Stars for Europie podpowiada jak poprawi\u0107 sprzeda\u017c i przyci\u0105gn\u0105\u0107  mi\u0142o\u015bnik\u00f3w poinsecji do sklep\u00f3w"},"content":{"rendered":"<div class=\"wpb-content-wrapper\"><p>[vc_row][vc_column][vc_column_text]<strong>Szanowni Pa\u0144stwo,<\/strong><br \/>\n<strong>w tym roku w ramach europejskiej, marketingowej inicjatywy Stars for Europe (SfE) maj\u0105cej na celu promowanie poinsecji, powsta\u0142 pakiet informacji prasowych skierowany do przedstawicieli handlu detalicznego. W okresie \u015bwi\u0105tecznym u\u0142atwi on sprzedawcom kontakt z dziennikarzami i klientami. Zach\u0119camy Pa\u0144stwa do udost\u0119pnienia tego przydatnego narz\u0119dzia swoim czytelnikom. Materia\u0142y s\u0105 dost\u0119pne na stronie:<a href=\"https:\/\/sfe-trade.com\/pl\"> https:\/\/sfe-trade.com\/pl<\/a> oraz w za\u0142\u0105czniku.<\/strong>[\/vc_column_text][\/vc_column][\/vc_row][vc_row][vc_column][vc_column_text]Stars for Europe, jako odpowiedzialne i kompetentne \u017ar\u00f3d\u0142o informacji na temat poinsecji, udost\u0119pnia sprzedawcom detalicznym liczne rozwi\u0105zania, kt\u00f3re pomagaj\u0105 zwi\u0119kszy\u0107 sprzeda\u017c. S\u0105 w\u015br\u00f3d nich mi\u0119dzy innymi komunikaty prasowe, kt\u00f3re w\u0142a\u015bciciele sklep\u00f3w mog\u0105 dostosowa\u0107 do swoich potrzeb. Obejmuj\u0105 one podstawowe tematy dotycz\u0105ce m.in. piel\u0119gnacji i podlewania poinsecji, kalendarz adwentowy z ciekawostkami na temat tej niezwyk\u0142ej ro\u015bliny czy zaproszenie na \u015bwi\u0105teczne wydarzenie. Dzi\u0119ki nim poinsecje s\u0105 coraz bardzie powszechne i po\u017c\u0105dane.[\/vc_column_text][\/vc_column][\/vc_row][vc_row][vc_column][vc_column_text]W sk\u0142ad pakietu wchodz\u0105 nast\u0119puj\u0105ce teksty:<br \/>\n&#8211; <a href=\"https:\/\/www.dropbox.com\/scl\/fi\/w04v2xbn4314e7aw91h0r\/Pakiet-tekst-w_detal_wz-r-zaprosze.docx?rlkey=md7wmkpiaevcg5uvlz6sr3tft&amp;dl=0\">zaproszenie na wydarzenie<\/a> np. warsztaty i do zapoznania si\u0119 ze \u015bwi\u0105teczn\u0105 ofert\u0105 sklepu<br \/>\n&#8211; <a href=\"https:\/\/www.dropbox.com\/scl\/fi\/qggg7tu8nt07l4rf9uwou\/Pakiet-tekst-w_detal_piel-gnacja.docx?rlkey=rlge43haoiwmvs9xx53l2rdam&amp;dl=0\">piel\u0119gnacja poinsecji<\/a><br \/>\n&#8211; <a href=\"https:\/\/www.dropbox.com\/scl\/fi\/hpi0psd7ixw90dsvgabx4\/Pakiet-tekst-w_podlewanie_kieliszek-szampana.docx?rlkey=upmg385qs4z8ldnzupdlu5h66&amp;dl=0\">podlewanie poinsecji<\/a><br \/>\n&#8211; <a href=\"https:\/\/www.dropbox.com\/scl\/fi\/hdetf43kmirn70z4gow2z\/Pakiet-tekst-w_detal_kalendarz_adwentowy.docx?rlkey=09xdkebh2k5dxu7ozhgzyzr89&amp;dl=0\">kalendarz adwentowy<\/a> zawieraj\u0105cy 24 ciekawostki na temat poinsecji<br \/>\n&#8211; <a href=\"https:\/\/www.dropbox.com\/scl\/fi\/9msbxl81a9ur5qb5j4jrd\/Newsletter_SfE_11.2023.pdf?rlkey=upbpsnkygp75ox330huxj4aro&amp;dl=0\">newsletter<\/a> dotycz\u0105cy tegorocznych narz\u0119dzi promocyjnych od SfE[\/vc_column_text][\/vc_column][\/vc_row][vc_row][vc_column][vc_column_text]Dr Susanne Lux, przewodnicz\u0105ca inicjatywy Stars for Europe, podkre\u015bla: \u201ePoinsecje mog\u0105 znacz\u0105co poprawi\u0107 wyniki sprzeda\u017cowe przed \u015bwi\u0119tami. Zdajemy sobie jednak spraw\u0119, \u017ce liczne ograniczenia w tym szalonym okresie w handlu detalicznym sprawiaj\u0105, \u017ce nie wszystkie sklepy maj\u0105 czas na promocj\u0119 swojej oferty i poinsecji.\u201d[\/vc_column_text][\/vc_column][\/vc_row][vc_row][vc_column][vc_column_text]\u201eNasze tre\u015bci mo\u017cna dostosowa\u0107 do w\u0142asnych potrzeb i \u0142atwo nawi\u0105za\u0107 kontakt z lokalnymi mediami i konsumentami, podkre\u015blaj\u0105c przyjemno\u015b\u0107 obcowania w\u015br\u00f3d poinsecji. Poniewa\u017c jeste\u015bmy w sercu sezonu, chcemy, aby mi\u0142o\u015bnicy poinsecji i osoby, kt\u00f3re dopiero zaczynaj\u0105 przygod\u0105 z tymi ro\u015blinami czerpali z nich rado\u015b\u0107 a sprzedawcom zapewni\u0107 owocn\u0105 sprzeda\u017c.\u201d \u2013 dodaje dr Lux.[\/vc_column_text][\/vc_column][\/vc_row][vc_row][vc_column][vc_column_text]Teksty prasowe dla sprzedawc\u00f3w detalicznych SfE mo\u017cna znale\u017a\u0107 na stronie: <a href=\"https:\/\/sfe-trade.com\/pl\">https:\/\/sfe-trade.com\/pl<\/a><br \/>\nNajwa\u017cniejsze wskaz\u00f3wki dotycz\u0105ce optymalizacji lokalnych dzia\u0142a\u0144 PR:<br \/>\n\u2022 Po\u015bwi\u0119\u0107 czas na przygotowanie bazy dziennikarzy w lokalnej gazecie lub stacji radiowej. Wys\u0142anie tre\u015bci do w\u0142a\u015bciwej osoby pomo\u017ce zwi\u0119kszy\u0107 zasi\u0119g.<\/p>\n<p>\u2022 Nie wstyd\u017a si\u0119 zapyta\u0107, czego potrzebuj\u0105 \u2013 przedstaw si\u0119 i zaprezentuj swoj\u0105 firm\u0119. Poinformuj o tym, co przygotowujesz, a by\u0107 mo\u017ce dowiesz si\u0119, jakie s\u0105 mo\u017cliwo\u015bci podniesienia presti\u017cu Twojego sklepu.<br \/>\n\u2022 Staraj si\u0119, aby komunikaty prasowe by\u0142y kr\u00f3tkie i zwi\u0119z\u0142e. Uwzgl\u0119dnij najwa\u017cniejsze szczeg\u00f3\u0142y w tre\u015bci akapitu. Powiniene\u015b zawrze\u0107 dane kontaktowe i \u201ewezwanie do dzia\u0142ania\u201d, aby czytelnicy wiedzieli, w jaki spos\u00f3b mo\u017cesz im pom\u00f3c i co oferujesz.<br \/>\n\u2022 Je\u015bli bud\u017cet na to pozwala, rozwa\u017c reklam\u0119 wspieraj\u0105c\u0105 Twoje dzia\u0142ania.<br \/>\n\u2022 Pami\u0119taj o wysy\u0142aniu wiadomo\u015bci z oko\u0142o 1-2 tygodniowym wyprzedzeniem, jednak nie za wcze\u015bnie, aby gdzie\u015b nie umkn\u0119\u0142y. W przypadku planowanych wydarze\u0144 (np. warsztat\u00f3w, pokaz\u00f3w produktowych, spotka\u0144 \u015bwi\u0105tecznych, promocji) przygotuj harmonogram dzia\u0142a\u0144 z uwzgl\u0119dnieniem termin\u00f3w i warunk\u00f3w udzia\u0142u.[\/vc_column_text][\/vc_column][\/vc_row][vc_row][vc_column][vc_column_text]Wi\u0119cej informacji prasowych po\u015bwi\u0119conych gwie\u017adzie betlejemskiej oraz bezp\u0142atnych zdj\u0119\u0107 znajd\u0105 Pa\u0144stwo na stronie dla medi\u00f3w Stars for Europe: Strona dla medi\u00f3w PL (<a href=\"http:\/\/www.starsuniteeurope.eu\">starsuniteeurope.eu<\/a>) W przypadku wykorzystania materia\u0142\u00f3w prosimy o podanie \u017ar\u00f3d\u0142a \u201eStars for Europe\u201d i przes\u0142anie kopii artyku\u0142u.<\/p>\n<p>W razie pyta\u0144, pozostaj\u0119 do dyspozycji.<\/p>\n<p>Z serdecznymi pozdrowieniami<br \/>\n<strong>Kamila \u017bmijewska<\/strong><br \/>\n<strong>CEO<\/strong><br \/>\n<strong>Agencja PR PiArt<\/strong>[\/vc_column_text][\/vc_column][\/vc_row][vc_row][vc_column][vc_column_text]<strong>Biuro prasowe w Polsce:<\/strong><\/p>\n<p><strong>Agencja PiART<\/strong><br \/>\nKamila \u017bmijewska +48 660 450 480 | info@piart.pl[\/vc_column_text][\/vc_column][\/vc_row][vc_row][vc_column][vc_column_text]Odwied\u017a nas na Facebooku, Pintere\u015bcie i Instagramie.[\/vc_column_text][\/vc_column][\/vc_row]<\/p><\/div><div class=\"acf-fields-container\" data-post-id=\"7613\" data-canto-acf=\"true\"><\/div><style>\r\n        .acf-fields-container {\r\n            margin: 2em 0;\r\n            width: 100%;\r\n            clear: both;\r\n        }\r\n        .acf-field-image {\r\n            margin: 1.5em 0;\r\n            position: relative;\r\n        }\r\n        .acf-field-label {\r\n            margin-bottom: 1em;\r\n        }\r\n        .acf-image {\r\n            max-width: 100%;\r\n            height: auto;\r\n            display: block;\r\n            margin: 1em 0;\r\n        }\r\n    <\/style>","protected":false},"excerpt":{"rendered":"<p>[vc_row][vc_column][vc_column_text]Szanowni Pa\u0144stwo, w tym roku w ramach europejskiej, marketingowej inicjatywy Stars for Europe (SfE) maj\u0105cej na celu promowanie poinsecji, powsta\u0142 pakiet informacji prasowych skierowany do przedstawicieli handlu detalicznego. W okresie \u015bwi\u0105tecznym u\u0142atwi on sprzedawcom kontakt z dziennikarzami i klientami. Zach\u0119camy Pa\u0144stwa do udost\u0119pnienia tego przydatnego narz\u0119dzia swoim czytelnikom. Materia\u0142y s\u0105 dost\u0119pne na stronie: https:\/\/sfe-trade.com\/pl oraz [&hellip;]<\/p>\n","protected":false},"featured_media":7583,"template":"","news_cat":[107,105,87,92],"class_list":["post-7613","news","type-news","status-publish","has-post-thumbnail","hentry","news_cat-beratung-in-den-geschaeften","news_cat-marketing-tipps","news_cat-fachpressemitteilungen","news_cat-neues-von-der-sfe-kampagne"],"acf":[],"_links":{"self":[{"href":"https:\/\/sfe-trade.com\/pl\/wp-json\/wp\/v2\/news\/7613","targetHints":{"allow":["GET"]}}],"collection":[{"href":"https:\/\/sfe-trade.com\/pl\/wp-json\/wp\/v2\/news"}],"about":[{"href":"https:\/\/sfe-trade.com\/pl\/wp-json\/wp\/v2\/types\/news"}],"version-history":[{"count":8,"href":"https:\/\/sfe-trade.com\/pl\/wp-json\/wp\/v2\/news\/7613\/revisions"}],"predecessor-version":[{"id":7630,"href":"https:\/\/sfe-trade.com\/pl\/wp-json\/wp\/v2\/news\/7613\/revisions\/7630"}],"wp:featuredmedia":[{"embeddable":true,"href":"https:\/\/sfe-trade.com\/pl\/wp-json\/wp\/v2\/media\/7583"}],"wp:attachment":[{"href":"https:\/\/sfe-trade.com\/pl\/wp-json\/wp\/v2\/media?parent=7613"}],"wp:term":[{"taxonomy":"news_cat","embeddable":true,"href":"https:\/\/sfe-trade.com\/pl\/wp-json\/wp\/v2\/news_cat?post=7613"}],"curies":[{"name":"wp","href":"https:\/\/api.w.org\/{rel}","templated":true}]}}