{"id":7212,"date":"2021-11-02T22:01:13","date_gmt":"2021-11-02T21:01:13","guid":{"rendered":"https:\/\/gwiazda-betlejemska.info\/?post_type=news&#038;p=7212"},"modified":"2022-11-18T22:23:34","modified_gmt":"2022-11-18T21:23:34","slug":"kontraktacje-inspiracje-i-nowe-mozliwosci-targi-gardenia-2022","status":"publish","type":"news","link":"https:\/\/sfe-trade.com\/pl\/news\/kontraktacje-inspiracje-i-nowe-mozliwosci-targi-gardenia-2022\/","title":{"rendered":"Kontraktacje, inspiracje i nowe mo\u017cliwo\u015bci \u2013 targi GARDENIA 2022"},"content":{"rendered":"<div class=\"wpb-content-wrapper\"><p>[vc_row][vc_column][vc_column_text]<strong>Ju\u017c 17-19 listopada na Mi\u0119dzynarodowych Targach Pozna\u0144skich odb\u0119dzie si\u0119 GARDENIA! Listopadowa edycja tego najwa\u017cniejszego w bran\u017cy ogrodniczej wydarzenia przyjmie formu\u0142\u0119 biznesow\u0105, jako salon kontraktacji ogrodniczych. Oferta wystawc\u00f3w skoncentruje si\u0119 w szczeg\u00f3lno\u015bci na trendach i nowo\u015bciach bran\u017cowych, a w\u015br\u00f3d zwiedzaj\u0105cych nie zabraknie przedstawicieli handlu i kadry zarz\u0105dzaj\u0105cej z Polski i zagranicy.<\/strong>[\/vc_column_text][\/vc_column][\/vc_row][vc_row][vc_column][vc_empty_space][vc_single_image image=&#8221;7219&#8243; img_size=&#8221;full&#8221;][\/vc_column][\/vc_row][vc_row][vc_column][vc_column_text]Szesnasta ju\u017c edycja targ\u00f3w GARDENIA skierowana jest w szczeg\u00f3lno\u015bci do profesjonalist\u00f3w bran\u017cy ogrodniczej, kt\u00f3rzy w atmosferze biznesowych rozm\u00f3w z sukcesem zaplanuj\u0105 dzia\u0142ania swoich przedsi\u0119biorstw w 2023 roku. <strong>Na ten moment zg\u0142osi\u0142o si\u0119 ponad 240 wystawc\u00f3w<\/strong>, a liczba ta stale ro\u015bnie. W tym gronie znajduj\u0105 si\u0119 zar\u00f3wno<strong> liderzy bran\u017cy<\/strong>, jak i nowe firmy, kt\u00f3re debiutowa\u0107 b\u0119d\u0105 na pozna\u0144skiej ekspozycji.[\/vc_column_text][vc_empty_space][\/vc_column][\/vc_row][vc_row][vc_column][vc_custom_heading text=&#8221;Rzeczowe rozmowy biznesowe i celebrowanie okazji&#8221; use_theme_fonts=&#8221;yes&#8221;][vc_column_text]Istotnym aspektem tegorocznych Targ\u00f3w GARDENIA b\u0119dzie <strong>silna obecno\u015b\u0107 centr\u00f3w ogrodniczych<\/strong>, przede wszystkim tych zrzeszonych w Polskim Stowarzyszeniu Centr\u00f3w Ogrodniczych oraz Grupie Zakupowej DCO. <strong>PSCO w czasie targ\u00f3w GARDENIA \u015bwi\u0119towa\u0107 b\u0119dzie swoje 25-lecie<\/strong>. Z tej okazji odb\u0119dzie si\u0119 Walne Zgromadzenie oraz uroczysta kolacja dla w\u0142a\u015bcicieli centr\u00f3w ogrodniczych. Sw\u00f3j jubileusz \u015bwi\u0119towa\u0107 b\u0119d\u0105 r\u00f3wnie\u017c <strong>W .Legutko (30-lecie) oraz Stowarzyszenie Floryst\u00f3w Polskich (10-lecie)<\/strong>, a to tylko niekt\u00f3re z wa\u017cnych okazji \u015bwi\u0119towanych w czasie GARDENII.[\/vc_column_text][\/vc_column][\/vc_row][vc_row][vc_column width=&#8221;1\/2&#8243;][vc_column_text]Targi b\u0119d\u0105 tak\u017ce ponownie go\u015bci\u0107 kupc\u00f3w i manager\u00f3w wy\u017cszego szczebla z sieci handlowych. W najbli\u017cszej edycji \u2013 wzorem ubieg\u0142ego roku \u2013 organizatorzy spodziewaj\u0105 si\u0119 przedstawicieli m. in. Bricomarche, Leroy Merlin, Obi, Bricoman, Castorama, Jula, Auchan, Jucca, PSB, Pszcz\u00f3\u0142ka, Empik, Lidl czy Panattoni.[\/vc_column_text][\/vc_column][vc_column width=&#8221;1\/2&#8243;][vc_single_image image=&#8221;7218&#8243; img_size=&#8221;full&#8221;][\/vc_column][\/vc_row][vc_row][vc_column][vc_custom_heading text=&#8221;Polski potencja\u0142, zagraniczne kontakty&#8221; use_theme_fonts=&#8221;yes&#8221;][vc_column_text]Spotkanie przedstawicieli bran\u017cy ogrodniczej na Mi\u0119dzynarodowych Targach Pozna\u0144skich to nie tylko przestrze\u0144 dla relacji na rodzimym gruncie, ale r\u00f3wnie\u017c doskona\u0142a szansa na rozpocz\u0119cie handlowych kontakt\u00f3w z zagranicznymi dostawcami i odbiorcami. W\u015br\u00f3d zapraszanych go\u015bci znajduj\u0105 si\u0119 przede wszystkim dyrektorzy sprzeda\u017cy, kupcy i dyrektorzy do spraw zakup\u00f3w, w\u0142a\u015bciciele centr\u00f3w ogrodniczych, sieci handlowych DIY, hurtowni ogrodniczych, szk\u00f3\u0142ek ro\u015blinnych. <strong>Program Hosted Buyers<\/strong> obejmie w szczeg\u00f3lno\u015bci kontakty w Wielkiej Brytanii, Czechach, S\u0142owacji, Niemczech, Holandii, Belgii, Litwie, \u0141otwie i krajach skandynawskich. <strong>Dotychczas, na najbli\u017csz\u0105 edycj\u0119, zg\u0142osi\u0142o si\u0119 ju\u017c ok 100 os\u00f3b.<\/strong>[\/vc_column_text][\/vc_column][\/vc_row][vc_row][vc_column width=&#8221;1\/2&#8243;][vc_custom_heading text=&#8221;Ekologia to nie trend, to nowy standard&#8221; use_theme_fonts=&#8221;yes&#8221;][vc_column_text]Ci\u0105gle wzbogacany program wydarze\u0144 Targ\u00f3w GARDENIA ponownie dostarczy solidnej porcji bran\u017cowej wiedzy, dost\u0119pu do praktycznych porad oraz \u017ar\u00f3d\u0142a inspiracji \u2013 estetycznych i ekologicznych. Wa\u017cnymi punktami dla profesjonalnej publiczno\u015bci b\u0119d\u0105 mi\u0119dzy innymi:[\/vc_column_text][\/vc_column][vc_column width=&#8221;1\/2&#8243;][vc_single_image image=&#8221;7217&#8243; img_size=&#8221;full&#8221;][\/vc_column][\/vc_row][vc_row][vc_column][vc_column_text]<strong>\u2022 III edycja Areny Krajobrazu.<\/strong> Prelekcje zarz\u0105dc\u00f3w francuskich park\u00f3w: Lasku Bulo\u0144skiego, Nantes, Konserwatorium Narodowych Kolekcji Ro\u015blin, Parku Bagatelle, Park\u00f3w Historycznych Pary\u017ca, oraz polskich: wyst\u0105pi\u0105 m. in. Zygmunt K\u0105cki, dyrektor Ogrodu Botanicznego we Wroc\u0142awiu i Arboretum w Wojs\u0142awicach oraz tw\u00f3rca krajobrazu Aflopark \u2013 \u0141ukasz Tarpacz; publiczno\u015b\u0107 obejrzy te\u017c praktyczne pokazy ci\u0119cia ro\u015blin w wykonaniu m. in. Jana Maruniewicza, Szk\u00f3\u0142ki Byczkowscy, Roza Sobieszek, Szk\u00f3\u0142ki Traw Daglezja.[\/vc_column_text][\/vc_column][\/vc_row][vc_row][vc_column width=&#8221;1\/2&#8243;][vc_column_text]<strong>\u2022 XVI edycja Miejskiej Sztuki Ogrodowej.<\/strong> Tradycyjnie ju\u017c, magazyn Ziele\u0144 Miejska zaprasza na intensywny cykl prelekcji ekspert\u00f3w zieleni miejskiej, aktywist\u00f3w, dzia\u0142aczy, kt\u00f3rzy z tym roku porusz\u0105 temat \u201eEkologii miasta\u201d. W programie m. in. zr\u00f3wnowa\u017cone miasta, relacja cz\u0142owiek-\u015brodowisko, us\u0142ugi ekosystemowe, partycypacja spo\u0142eczna, gospodarowanie wod\u0105 opadow\u0105, zielone korytarze, system informacji przestrzennej czy drony w s\u0142u\u017cbie zieleni.[\/vc_column_text][\/vc_column][vc_column width=&#8221;1\/2&#8243;][vc_single_image image=&#8221;7214&#8243; img_size=&#8221;full&#8221;][\/vc_column][\/vc_row][vc_row][vc_column width=&#8221;1\/2&#8243;][vc_single_image image=&#8221;7215&#8243; img_size=&#8221;full&#8221;][\/vc_column][vc_column width=&#8221;1\/2&#8243;][vc_column_text]<strong>\u2022 Pokazy florystyczne.<\/strong> Na scenie swoje umiej\u0119tno\u015bci zaprezentuj\u0105 m. in. Stowarzyszenie Floryst\u00f3w Polskich, Mi\u0119dzynarodowy Instytut Florystyczny, Kwitn\u0105ce Horyzonty, Piotr Sekunda, Gretaflowers, Iza Tkaczyk, Miros\u0142aw Drohomirecki, \u0141ukasz Marcinkowski i Radek Berent, duet tworz\u0105cy KWIATY&amp;MIUT, oraz inni utalentowani flory\u015bci.[\/vc_column_text][\/vc_column][\/vc_row][vc_row][vc_column][vc_column_text]<em>\u201eTargi to nie tyle stoisko, co obecno\u015b\u0107. To przestrze\u0144 utrwalania i powstawania relacji, kt\u00f3re nie wyst\u0105pi\u0142yby w \u017cadnych innych warunkach.\u201d<\/em><br \/>\nTak podsumowa\u0142a poprzedni\u0105 edycj\u0119 dyrektor projektu GARDENIA, Paulina Maniecka. Tegoroczne spotkanie \u201ezielonego biznesu\u201d, odbywaj\u0105ce si\u0119 w dniach 17-19 listopada na Mi\u0119dzynarodowych Targach Pozna\u0144skich, uwypukli ten sens jeszcze bardziej: najcenniejsza waluta ka\u017cdej bran\u017cy to kontakty. W niepewnych czasach s\u0105, nomen omen, na wag\u0119 z\u0142ota.[\/vc_column_text][\/vc_column][\/vc_row][vc_row][vc_column][vc_column_text]<strong>Mi\u0119dzynarodowe Targi Ogrodnictwa i Architektury Krajobrazu GARDENIA<\/strong><\/p>\n<p><strong>Kiedy:<\/strong> 17-19 listopada 2022 r.<br \/>\n<strong>Gdzie:<\/strong> Mi\u0119dzynarodowe Targi Pozna\u0144skie, pawilony 5, 5A, 6 (wej\u015bcie Holem P\u00f3\u0142nocnym od ul. Grunwaldzkiej)<br \/>\n<strong>Wi\u0119cej informacji o wydarzeniu<\/strong> na <a href=\"https:\/\/www.targigardenia.pl\/pl?utm_source=Targetpress&amp;utm_medium=www&amp;utm_campaign=Gardenia_2022&amp;utm_id=GARDENIA_2022\">www.TargiGardenia.pl<\/a><br \/>\n<strong>Katalog wystawc\u00f3w<\/strong> \uf0e0 <a href=\"https:\/\/www.targigardenia.pl\/pl\/aktualnosci\/wystawcy-targow-gardenia-2022\/\">KLIK<\/a><br \/>\n<strong>Pe\u0142en program wydarze\u0144<\/strong> \uf0e0 <a href=\"https:\/\/www.targigardenia.pl\/pl\/program-wydarzen\/\">KLIK<\/a><br \/>\n<strong>Godziny otwarcia:<\/strong> czwartek, pi\u0105tek \u2013 dni dla profesjonalist\u00f3w: 9:00-17:00; sobota \u2013 dzie\u0144 dla publiczno\u015bci: 9:00-16:00<br \/>\n<strong>Bilety:<\/strong> <a href=\"https:\/\/tobilet.pl\/gardenia-listopad-2022.html?utm_source=Targetpress&amp;utm_medium=www_Targetpress&amp;utm_campaign=Gardenia_2022_Targetpress_www&amp;utm_id=Gardenia_2022\">www.ToBilet.pl<\/a><\/p>\n<p>Stars for Europe w ramach kampanii unijnej Stars Unite Europe zosta\u0142o partnerem bran\u017cowym targ\u00f3w GARDENIA 2022. Na odwiedzj\u0105cych b\u0119dzie czeka\u0107 specjalna instalacja w kszta\u0142cie skrzyde\u0142 do robienia zdj\u0119\u0107 oraz aran\u017cacje z gwiazdami betlejemskimi w holu i na scenie utrzymane w duchu jesieni i \u015bwi\u0105t Bo\u017cego Narodzenia.[\/vc_column_text][\/vc_column][\/vc_row]<\/p><\/div><div class=\"acf-fields-container\" data-post-id=\"7212\" data-canto-acf=\"true\"><\/div><style>\r\n        .acf-fields-container {\r\n            margin: 2em 0;\r\n            width: 100%;\r\n            clear: both;\r\n        }\r\n        .acf-field-image {\r\n            margin: 1.5em 0;\r\n            position: relative;\r\n        }\r\n        .acf-field-label {\r\n            margin-bottom: 1em;\r\n        }\r\n        .acf-image {\r\n            max-width: 100%;\r\n            height: auto;\r\n            display: block;\r\n            margin: 1em 0;\r\n        }\r\n    <\/style>","protected":false},"excerpt":{"rendered":"<p>[vc_row][vc_column][vc_column_text]Ju\u017c 17-19 listopada na Mi\u0119dzynarodowych Targach Pozna\u0144skich odb\u0119dzie si\u0119 GARDENIA! Listopadowa edycja tego najwa\u017cniejszego w bran\u017cy ogrodniczej wydarzenia przyjmie formu\u0142\u0119 biznesow\u0105, jako salon kontraktacji ogrodniczych. Oferta wystawc\u00f3w skoncentruje si\u0119 w szczeg\u00f3lno\u015bci na trendach i nowo\u015bciach bran\u017cowych, a w\u015br\u00f3d zwiedzaj\u0105cych nie zabraknie przedstawicieli handlu i kadry zarz\u0105dzaj\u0105cej z Polski i zagranicy.[\/vc_column_text][\/vc_column][\/vc_row][vc_row][vc_column][vc_empty_space][vc_single_image image=&#8221;7219&#8243; img_size=&#8221;full&#8221;][\/vc_column][\/vc_row][vc_row][vc_column][vc_column_text]Szesnasta ju\u017c edycja targ\u00f3w [&hellip;]<\/p>\n","protected":false},"featured_media":7216,"template":"","news_cat":[105,87],"class_list":["post-7212","news","type-news","status-publish","has-post-thumbnail","hentry","news_cat-marketing-tipps","news_cat-fachpressemitteilungen"],"acf":[],"_links":{"self":[{"href":"https:\/\/sfe-trade.com\/pl\/wp-json\/wp\/v2\/news\/7212","targetHints":{"allow":["GET"]}}],"collection":[{"href":"https:\/\/sfe-trade.com\/pl\/wp-json\/wp\/v2\/news"}],"about":[{"href":"https:\/\/sfe-trade.com\/pl\/wp-json\/wp\/v2\/types\/news"}],"version-history":[{"count":11,"href":"https:\/\/sfe-trade.com\/pl\/wp-json\/wp\/v2\/news\/7212\/revisions"}],"predecessor-version":[{"id":7226,"href":"https:\/\/sfe-trade.com\/pl\/wp-json\/wp\/v2\/news\/7212\/revisions\/7226"}],"wp:featuredmedia":[{"embeddable":true,"href":"https:\/\/sfe-trade.com\/pl\/wp-json\/wp\/v2\/media\/7216"}],"wp:attachment":[{"href":"https:\/\/sfe-trade.com\/pl\/wp-json\/wp\/v2\/media?parent=7212"}],"wp:term":[{"taxonomy":"news_cat","embeddable":true,"href":"https:\/\/sfe-trade.com\/pl\/wp-json\/wp\/v2\/news_cat?post=7212"}],"curies":[{"name":"wp","href":"https:\/\/api.w.org\/{rel}","templated":true}]}}